{"id":12850,"date":"2026-04-21T08:45:11","date_gmt":"2026-04-21T08:45:11","guid":{"rendered":"https:\/\/fricon.pt\/?p=12850"},"modified":"2026-04-21T08:50:34","modified_gmt":"2026-04-21T08:50:34","slug":"fricon-en-sagalexpo-2026-en-lisboa","status":"publish","type":"post","link":"https:\/\/fricon.pt\/es\/fricon-en-sagalexpo-2026-en-lisboa\/","title":{"rendered":"FRICON en SAGALEXPO 2026 en Lisboa"},"content":{"rendered":"\t\t<div data-elementor-type=\"wp-post\" data-elementor-id=\"12850\" class=\"elementor elementor-12850 elementor-12807\" data-elementor-post-type=\"post\">\n\t\t\t\t<div class=\"elementor-element elementor-element-b128b9f e-flex e-con-boxed e-con e-parent\" data-id=\"b128b9f\" data-element_type=\"container\">\n\t\t\t\t\t<div class=\"e-con-inner\">\n\t\t\t\t<div class=\"elementor-element elementor-element-0a1a8cd elementor-widget elementor-widget-text-editor\" data-id=\"0a1a8cd\" data-element_type=\"widget\" data-widget_type=\"text-editor.default\">\n\t\t\t\t<div class=\"elementor-widget-container\">\n\t\t\t<style>\/*! elementor - v3.23.0 - 05-08-2024 *\/\n.elementor-widget-text-editor.elementor-drop-cap-view-stacked .elementor-drop-cap{background-color:#69727d;color:#fff}.elementor-widget-text-editor.elementor-drop-cap-view-framed .elementor-drop-cap{color:#69727d;border:3px solid;background-color:transparent}.elementor-widget-text-editor:not(.elementor-drop-cap-view-default) .elementor-drop-cap{margin-top:8px}.elementor-widget-text-editor:not(.elementor-drop-cap-view-default) .elementor-drop-cap-letter{width:1em;height:1em}.elementor-widget-text-editor .elementor-drop-cap{float:left;text-align:center;line-height:1;font-size:50px}.elementor-widget-text-editor .elementor-drop-cap-letter{display:inline-block}<\/style>\t\t\t\t<p><a href=\"https:\/\/fricon.pt\/es\/\">FRICON <\/a>estuvo presente en <a href=\"https:\/\/sagalexpo.pt\/\" rel=\"nofollow noopener\" target=\"_blank\">SAGALEXPO \u2013 Sabores de Portugal<\/a>, que se celebr\u00f3 del 13 al 15 de abril en <strong>Lisboa<\/strong>, consolid\u00e1ndose como un socio tecnol\u00f3gico de referencia en el sector de la refrigeraci\u00f3n comercial.<\/p>\n<p>En un evento que re\u00fane lo mejor del sector agroalimentario nacional e internacional, la participaci\u00f3n de FRICON destac\u00f3 no solo por la presentaci\u00f3n de soluciones innovadoras, sino tambi\u00e9n por su fuerte apuesta por la proximidad con el mercado y la expansi\u00f3n internacional.<\/p>\n\t\t\t\t\t\t<\/div>\n\t\t\t\t<\/div>\n\t\t\t\t<div class=\"elementor-element elementor-element-18e4bbb elementor-widget elementor-widget-spacer\" data-id=\"18e4bbb\" data-element_type=\"widget\" data-widget_type=\"spacer.default\">\n\t\t\t\t<div class=\"elementor-widget-container\">\n\t\t\t<style>\/*! elementor - v3.23.0 - 05-08-2024 *\/\n.elementor-column .elementor-spacer-inner{height:var(--spacer-size)}.e-con{--container-widget-width:100%}.e-con-inner>.elementor-widget-spacer,.e-con>.elementor-widget-spacer{width:var(--container-widget-width,var(--spacer-size));--align-self:var(--container-widget-align-self,initial);--flex-shrink:0}.e-con-inner>.elementor-widget-spacer>.elementor-widget-container,.e-con>.elementor-widget-spacer>.elementor-widget-container{height:100%;width:100%}.e-con-inner>.elementor-widget-spacer>.elementor-widget-container>.elementor-spacer,.e-con>.elementor-widget-spacer>.elementor-widget-container>.elementor-spacer{height:100%}.e-con-inner>.elementor-widget-spacer>.elementor-widget-container>.elementor-spacer>.elementor-spacer-inner,.e-con>.elementor-widget-spacer>.elementor-widget-container>.elementor-spacer>.elementor-spacer-inner{height:var(--container-widget-height,var(--spacer-size))}.e-con-inner>.elementor-widget-spacer.elementor-widget-empty,.e-con>.elementor-widget-spacer.elementor-widget-empty{position:relative;min-height:22px;min-width:22px}.e-con-inner>.elementor-widget-spacer.elementor-widget-empty .elementor-widget-empty-icon,.e-con>.elementor-widget-spacer.elementor-widget-empty .elementor-widget-empty-icon{position:absolute;top:0;bottom:0;left:0;right:0;margin:auto;padding:0;width:22px;height:22px}<\/style>\t\t<div class=\"elementor-spacer\">\n\t\t\t<div class=\"elementor-spacer-inner\"><\/div>\n\t\t<\/div>\n\t\t\t\t<\/div>\n\t\t\t\t<\/div>\n\t\t\t\t\t<\/div>\n\t\t\t\t<\/div>\n\t\t<div class=\"elementor-element elementor-element-1dbe9a0 e-flex e-con-boxed e-con e-parent\" data-id=\"1dbe9a0\" data-element_type=\"container\">\n\t\t\t\t\t<div class=\"e-con-inner\">\n\t\t\t\t<div class=\"elementor-element elementor-element-67090b0 elementor-widget elementor-widget-heading\" data-id=\"67090b0\" data-element_type=\"widget\" data-widget_type=\"heading.default\">\n\t\t\t\t<div class=\"elementor-widget-container\">\n\t\t\t<style>\/*! elementor - v3.23.0 - 05-08-2024 *\/\n.elementor-heading-title{padding:0;margin:0;line-height:1}.elementor-widget-heading .elementor-heading-title[class*=elementor-size-]>a{color:inherit;font-size:inherit;line-height:inherit}.elementor-widget-heading .elementor-heading-title.elementor-size-small{font-size:15px}.elementor-widget-heading .elementor-heading-title.elementor-size-medium{font-size:19px}.elementor-widget-heading .elementor-heading-title.elementor-size-large{font-size:29px}.elementor-widget-heading .elementor-heading-title.elementor-size-xl{font-size:39px}.elementor-widget-heading .elementor-heading-title.elementor-size-xxl{font-size:59px}<\/style><h2 class=\"elementor-heading-title elementor-size-default\">Un stand dise\u00f1ado para el retail moderno<\/h2>\t\t<\/div>\n\t\t\t\t<\/div>\n\t\t\t\t\t<\/div>\n\t\t\t\t<\/div>\n\t\t<div class=\"elementor-element elementor-element-f123261 e-flex e-con-boxed e-con e-parent\" data-id=\"f123261\" data-element_type=\"container\">\n\t\t\t\t\t<div class=\"e-con-inner\">\n\t\t\t\t<div class=\"elementor-element elementor-element-14328e2 elementor-widget elementor-widget-spacer\" data-id=\"14328e2\" data-element_type=\"widget\" data-widget_type=\"spacer.default\">\n\t\t\t\t<div class=\"elementor-widget-container\">\n\t\t\t\t\t<div class=\"elementor-spacer\">\n\t\t\t<div class=\"elementor-spacer-inner\"><\/div>\n\t\t<\/div>\n\t\t\t\t<\/div>\n\t\t\t\t<\/div>\n\t\t\t\t<div class=\"elementor-element elementor-element-665fd1b elementor-widget elementor-widget-text-editor\" data-id=\"665fd1b\" data-element_type=\"widget\" data-widget_type=\"text-editor.default\">\n\t\t\t\t<div class=\"elementor-widget-container\">\n\t\t\t\t\t\t\t<p><strong>El espacio de FRICON fue concebido para simular un contexto de tienda real,<\/strong> permitiendo a los visitantes comprender, de forma inmediata, c\u00f3mo los equipos se integran en el d\u00eda a d\u00eda del retail alimentario.<\/p>\n<p>A lo largo de los tres d\u00edas, miembros del equipo comercial estuvieron presentes para recibir a los visitantes, compartir conocimientos y presentar soluciones ajustadas a las necesidades espec\u00edficas de cada cliente. El stand recibi\u00f3 a <strong>profesionales de diversas partes del mundo, creando oportunidades de contacto, intercambio y desarrollo de nuevas relaciones comerciales<\/strong>, en un ambiente din\u00e1mico y colaborativo. <\/p>\n\t\t\t\t\t\t<\/div>\n\t\t\t\t<\/div>\n\t\t\t\t\t<\/div>\n\t\t\t\t<\/div>\n\t\t<div class=\"elementor-element elementor-element-f2fb20d e-flex e-con-boxed e-con e-parent\" data-id=\"f2fb20d\" data-element_type=\"container\">\n\t\t\t\t\t<div class=\"e-con-inner\">\n\t\t\t\t<div class=\"elementor-element elementor-element-e01f8ca elementor-widget elementor-widget-spacer\" data-id=\"e01f8ca\" data-element_type=\"widget\" data-widget_type=\"spacer.default\">\n\t\t\t\t<div class=\"elementor-widget-container\">\n\t\t\t\t\t<div class=\"elementor-spacer\">\n\t\t\t<div class=\"elementor-spacer-inner\"><\/div>\n\t\t<\/div>\n\t\t\t\t<\/div>\n\t\t\t\t<\/div>\n\t\t\t\t<div class=\"elementor-element elementor-element-c95ab33 elementor-widget elementor-widget-image\" data-id=\"c95ab33\" data-element_type=\"widget\" data-widget_type=\"image.default\">\n\t\t\t\t<div class=\"elementor-widget-container\">\n\t\t\t<style>\/*! elementor - v3.23.0 - 05-08-2024 *\/\n.elementor-widget-image{text-align:center}.elementor-widget-image a{display:inline-block}.elementor-widget-image a img[src$=\".svg\"]{width:48px}.elementor-widget-image img{vertical-align:middle;display:inline-block}<\/style>\t\t\t\t\t\t\t\t\t\t<img fetchpriority=\"high\" decoding=\"async\" width=\"1024\" height=\"576\" src=\"https:\/\/fricon.pt\/wp-content\/uploads\/2026\/04\/STAND_FRICON_SAGAL_2026-1024x576.jpeg\" class=\"attachment-large size-large wp-image-12813\" alt=\"\" srcset=\"https:\/\/fricon.pt\/wp-content\/uploads\/2026\/04\/STAND_FRICON_SAGAL_2026-1024x576.jpeg 1024w, https:\/\/fricon.pt\/wp-content\/uploads\/2026\/04\/STAND_FRICON_SAGAL_2026-300x169.jpeg 300w, https:\/\/fricon.pt\/wp-content\/uploads\/2026\/04\/STAND_FRICON_SAGAL_2026-768x432.jpeg 768w, https:\/\/fricon.pt\/wp-content\/uploads\/2026\/04\/STAND_FRICON_SAGAL_2026-1536x864.jpeg 1536w, https:\/\/fricon.pt\/wp-content\/uploads\/2026\/04\/STAND_FRICON_SAGAL_2026.jpeg 2048w\" sizes=\"(max-width: 1024px) 100vw, 1024px\" \/>\t\t\t\t\t\t\t\t\t\t\t\t\t<\/div>\n\t\t\t\t<\/div>\n\t\t\t\t\t<\/div>\n\t\t\t\t<\/div>\n\t\t<div class=\"elementor-element elementor-element-513fbba e-flex e-con-boxed e-con e-parent\" data-id=\"513fbba\" data-element_type=\"container\">\n\t\t\t\t\t<div class=\"e-con-inner\">\n\t\t\t\t<div class=\"elementor-element elementor-element-809f58c elementor-widget elementor-widget-spacer\" data-id=\"809f58c\" data-element_type=\"widget\" data-widget_type=\"spacer.default\">\n\t\t\t\t<div class=\"elementor-widget-container\">\n\t\t\t\t\t<div class=\"elementor-spacer\">\n\t\t\t<div class=\"elementor-spacer-inner\"><\/div>\n\t\t<\/div>\n\t\t\t\t<\/div>\n\t\t\t\t<\/div>\n\t\t\t\t<div class=\"elementor-element elementor-element-050eb7a elementor-widget elementor-widget-heading\" data-id=\"050eb7a\" data-element_type=\"widget\" data-widget_type=\"heading.default\">\n\t\t\t\t<div class=\"elementor-widget-container\">\n\t\t\t<h2 class=\"elementor-heading-title elementor-size-default\">Portugal como escenario de negocios internacionales<\/h2>\t\t<\/div>\n\t\t\t\t<\/div>\n\t\t\t\t<div class=\"elementor-element elementor-element-fa1ba02 elementor-widget elementor-widget-spacer\" data-id=\"fa1ba02\" data-element_type=\"widget\" data-widget_type=\"spacer.default\">\n\t\t\t\t<div class=\"elementor-widget-container\">\n\t\t\t\t\t<div class=\"elementor-spacer\">\n\t\t\t<div class=\"elementor-spacer-inner\"><\/div>\n\t\t<\/div>\n\t\t\t\t<\/div>\n\t\t\t\t<\/div>\n\t\t\t\t\t<\/div>\n\t\t\t\t<\/div>\n\t\t<div class=\"elementor-element elementor-element-597f7ea e-flex e-con-boxed e-con e-parent\" data-id=\"597f7ea\" data-element_type=\"container\">\n\t\t\t\t\t<div class=\"e-con-inner\">\n\t\t\t\t<div class=\"elementor-element elementor-element-b6872b8 elementor-widget elementor-widget-text-editor\" data-id=\"b6872b8\" data-element_type=\"widget\" data-widget_type=\"text-editor.default\">\n\t\t\t\t<div class=\"elementor-widget-container\">\n\t\t\t\t\t\t\t<p>SAGALEXPO se reafirm\u00f3 una vez m\u00e1s como una plataforma estrat\u00e9gica para el desarrollo de negocio, resaltando el papel de Portugal como punto de conexi\u00f3n clave entre mercados globales.<\/p>\n<p><strong>La llamada &#8216;Portugalidade&#8217; estuvo muy presente a lo largo del evento: la capacidad de acogida, la cercan\u00eda en las relaciones y la confianza construida en el contacto directo siguen siendo factores diferenciadores en la forma en que las empresas nacionales se posicionan internacionalmente. <\/strong>Para FRICON, este contexto refuerza su capacidad de crear relaciones duraderas y de actuar como socio de confianza a escala global. <\/p>\n<p>Al mismo tiempo, la feria represent\u00f3 una oportunidad relevante para establecer contacto con empresas portuguesas de diferentes \u00e1reas, abriendo puertas a la creaci\u00f3n de nuevas alianzas estrat\u00e9gicas y a la colaboraci\u00f3n en proyectos futuros que potencien el crecimiento conjunto.<\/p>\n\t\t\t\t\t\t<\/div>\n\t\t\t\t<\/div>\n\t\t\t\t<div class=\"elementor-element elementor-element-4c47a98 elementor-widget elementor-widget-spacer\" data-id=\"4c47a98\" data-element_type=\"widget\" data-widget_type=\"spacer.default\">\n\t\t\t\t<div class=\"elementor-widget-container\">\n\t\t\t\t\t<div class=\"elementor-spacer\">\n\t\t\t<div class=\"elementor-spacer-inner\"><\/div>\n\t\t<\/div>\n\t\t\t\t<\/div>\n\t\t\t\t<\/div>\n\t\t\t\t\t<\/div>\n\t\t\t\t<\/div>\n\t\t<div class=\"elementor-element elementor-element-9ca07bd e-flex e-con-boxed e-con e-parent\" data-id=\"9ca07bd\" data-element_type=\"container\">\n\t\t\t\t\t<div class=\"e-con-inner\">\n\t\t\t\t<div class=\"elementor-element elementor-element-538de43 elementor-widget elementor-widget-image\" data-id=\"538de43\" data-element_type=\"widget\" data-widget_type=\"image.default\">\n\t\t\t\t<div class=\"elementor-widget-container\">\n\t\t\t\t\t\t\t\t\t\t\t\t\t<img decoding=\"async\" width=\"1024\" height=\"576\" src=\"https:\/\/fricon.pt\/wp-content\/uploads\/2026\/04\/Copia-de-Design-sem-nome-1024x576.png\" class=\"attachment-large size-large wp-image-12818\" alt=\"\" srcset=\"https:\/\/fricon.pt\/wp-content\/uploads\/2026\/04\/Copia-de-Design-sem-nome-1024x576.png 1024w, https:\/\/fricon.pt\/wp-content\/uploads\/2026\/04\/Copia-de-Design-sem-nome-300x169.png 300w, https:\/\/fricon.pt\/wp-content\/uploads\/2026\/04\/Copia-de-Design-sem-nome-768x432.png 768w, https:\/\/fricon.pt\/wp-content\/uploads\/2026\/04\/Copia-de-Design-sem-nome-1536x864.png 1536w, https:\/\/fricon.pt\/wp-content\/uploads\/2026\/04\/Copia-de-Design-sem-nome.png 1920w\" sizes=\"(max-width: 1024px) 100vw, 1024px\" \/>\t\t\t\t\t\t\t\t\t\t\t\t\t<\/div>\n\t\t\t\t<\/div>\n\t\t\t\t\t<\/div>\n\t\t\t\t<\/div>\n\t\t<div class=\"elementor-element elementor-element-4ffe0a4 e-flex e-con-boxed e-con e-parent\" data-id=\"4ffe0a4\" data-element_type=\"container\">\n\t\t\t\t\t<div class=\"e-con-inner\">\n\t\t\t\t<div class=\"elementor-element elementor-element-37acc3a elementor-widget elementor-widget-spacer\" data-id=\"37acc3a\" data-element_type=\"widget\" data-widget_type=\"spacer.default\">\n\t\t\t\t<div class=\"elementor-widget-container\">\n\t\t\t\t\t<div class=\"elementor-spacer\">\n\t\t\t<div class=\"elementor-spacer-inner\"><\/div>\n\t\t<\/div>\n\t\t\t\t<\/div>\n\t\t\t\t<\/div>\n\t\t\t\t<div class=\"elementor-element elementor-element-ecda6f4 elementor-widget elementor-widget-heading\" data-id=\"ecda6f4\" data-element_type=\"widget\" data-widget_type=\"heading.default\">\n\t\t\t\t<div class=\"elementor-widget-container\">\n\t\t\t<h2 class=\"elementor-heading-title elementor-size-default\">Soluciones destacadas: eficiencia, visibilidad y rendimiento<\/h2>\t\t<\/div>\n\t\t\t\t<\/div>\n\t\t\t\t\t<\/div>\n\t\t\t\t<\/div>\n\t\t<div class=\"elementor-element elementor-element-91303bf e-flex e-con-boxed e-con e-parent\" data-id=\"91303bf\" data-element_type=\"container\">\n\t\t\t\t\t<div class=\"e-con-inner\">\n\t\t\t\t<div class=\"elementor-element elementor-element-fa87425 elementor-widget elementor-widget-spacer\" data-id=\"fa87425\" data-element_type=\"widget\" data-widget_type=\"spacer.default\">\n\t\t\t\t<div class=\"elementor-widget-container\">\n\t\t\t\t\t<div class=\"elementor-spacer\">\n\t\t\t<div class=\"elementor-spacer-inner\"><\/div>\n\t\t<\/div>\n\t\t\t\t<\/div>\n\t\t\t\t<\/div>\n\t\t\t\t<div class=\"elementor-element elementor-element-f88f4f7 elementor-widget elementor-widget-text-editor\" data-id=\"f88f4f7\" data-element_type=\"widget\" data-widget_type=\"text-editor.default\">\n\t\t\t\t<div class=\"elementor-widget-container\">\n\t\t\t\t\t\t\t<p>Durante la feria, FRICON present\u00f3 diferentes soluciones de refrigeraci\u00f3n comercial plug-in, desarrolladas para responder a las exigencias del retail contempor\u00e1neo, donde la eficiencia energ\u00e9tica, el dise\u00f1o y la funcionalidad son determinantes.<\/p>\n\t\t\t\t\t\t<\/div>\n\t\t\t\t<\/div>\n\t\t\t\t<div class=\"elementor-element elementor-element-461a78c elementor-widget elementor-widget-spacer\" data-id=\"461a78c\" data-element_type=\"widget\" data-widget_type=\"spacer.default\">\n\t\t\t\t<div class=\"elementor-widget-container\">\n\t\t\t\t\t<div class=\"elementor-spacer\">\n\t\t\t<div class=\"elementor-spacer-inner\"><\/div>\n\t\t<\/div>\n\t\t\t\t<\/div>\n\t\t\t\t<\/div>\n\t\t\t\t\t<\/div>\n\t\t\t\t<\/div>\n\t\t<div class=\"elementor-element elementor-element-211c193 e-flex e-con-boxed e-con e-parent\" data-id=\"211c193\" data-element_type=\"container\">\n\t\t\t\t\t<div class=\"e-con-inner\">\n\t\t\t\t<div class=\"elementor-element elementor-element-3997526 elementor-widget elementor-widget-image\" data-id=\"3997526\" data-element_type=\"widget\" data-widget_type=\"image.default\">\n\t\t\t\t<div class=\"elementor-widget-container\">\n\t\t\t\t\t\t\t\t\t\t\t\t\t<img decoding=\"async\" width=\"1024\" height=\"576\" src=\"https:\/\/fricon.pt\/wp-content\/uploads\/2026\/04\/Copia-de-Design-sem-nome-6-1024x576.png\" class=\"attachment-large size-large wp-image-12828\" alt=\"\" srcset=\"https:\/\/fricon.pt\/wp-content\/uploads\/2026\/04\/Copia-de-Design-sem-nome-6-1024x576.png 1024w, https:\/\/fricon.pt\/wp-content\/uploads\/2026\/04\/Copia-de-Design-sem-nome-6-300x169.png 300w, https:\/\/fricon.pt\/wp-content\/uploads\/2026\/04\/Copia-de-Design-sem-nome-6-768x432.png 768w, https:\/\/fricon.pt\/wp-content\/uploads\/2026\/04\/Copia-de-Design-sem-nome-6-1536x864.png 1536w, https:\/\/fricon.pt\/wp-content\/uploads\/2026\/04\/Copia-de-Design-sem-nome-6.png 1920w\" sizes=\"(max-width: 1024px) 100vw, 1024px\" \/>\t\t\t\t\t\t\t\t\t\t\t\t\t<\/div>\n\t\t\t\t<\/div>\n\t\t\t\t<div class=\"elementor-element elementor-element-e1d2ee4 elementor-widget elementor-widget-spacer\" data-id=\"e1d2ee4\" data-element_type=\"widget\" data-widget_type=\"spacer.default\">\n\t\t\t\t<div class=\"elementor-widget-container\">\n\t\t\t\t\t<div class=\"elementor-spacer\">\n\t\t\t<div class=\"elementor-spacer-inner\"><\/div>\n\t\t<\/div>\n\t\t\t\t<\/div>\n\t\t\t\t<\/div>\n\t\t\t\t<div class=\"elementor-element elementor-element-e48476b elementor-widget elementor-widget-heading\" data-id=\"e48476b\" data-element_type=\"widget\" data-widget_type=\"heading.default\">\n\t\t\t\t<div class=\"elementor-widget-container\">\n\t\t\t<h3 class=\"elementor-heading-title elementor-size-default\">WD 4D FV R: visibilidad que impulsa las ventas<\/h3>\t\t<\/div>\n\t\t\t\t<\/div>\n\t\t\t\t\t<\/div>\n\t\t\t\t<\/div>\n\t\t<div class=\"elementor-element elementor-element-a00cb20 e-flex e-con-boxed e-con e-parent\" data-id=\"a00cb20\" data-element_type=\"container\">\n\t\t\t\t\t<div class=\"e-con-inner\">\n\t\t\t\t<div class=\"elementor-element elementor-element-87ca1ac elementor-widget elementor-widget-spacer\" data-id=\"87ca1ac\" data-element_type=\"widget\" data-widget_type=\"spacer.default\">\n\t\t\t\t<div class=\"elementor-widget-container\">\n\t\t\t\t\t<div class=\"elementor-spacer\">\n\t\t\t<div class=\"elementor-spacer-inner\"><\/div>\n\t\t<\/div>\n\t\t\t\t<\/div>\n\t\t\t\t<\/div>\n\t\t\t\t<div class=\"elementor-element elementor-element-17b12c9 elementor-widget elementor-widget-text-editor\" data-id=\"17b12c9\" data-element_type=\"widget\" data-widget_type=\"text-editor.default\">\n\t\t\t\t<div class=\"elementor-widget-container\">\n\t\t\t\t\t\t\t<p>El <strong><a href=\"https:\/\/fricon.pt\/de\/product\/wd-4d-fv-chiller\/\">WD 4D FV R<\/a><\/strong> fue uno de los equipos destacados, concebido para maximizar la visibilidad de los productos y potenciar el rendimiento en el punto de venta.<\/p>\n<p>Con tecnolog\u00eda plug-in, permite una instalaci\u00f3n sencilla y r\u00e1pida, adapt\u00e1ndose a diferentes formatos de tienda. <strong>Su estructura modular, con estantes ajustables e inclinados, ofrece total flexibilidad en la exposici\u00f3n y facilita la reposici\u00f3n.<\/strong><\/p>\n<p>La iluminaci\u00f3n LED, tanto vertical como en los estantes, refuerza el impacto visual de los productos, mientras que la fiabilidad y estabilidad t\u00e9rmica garantizan un rendimiento consistente, incluso en ambientes exigentes. Adem\u00e1s, el mantenimiento simplificado contribuye a la reducci\u00f3n de los costes operativos. <\/p>\n\t\t\t\t\t\t<\/div>\n\t\t\t\t<\/div>\n\t\t\t\t<div class=\"elementor-element elementor-element-6630e5b elementor-widget elementor-widget-heading\" data-id=\"6630e5b\" data-element_type=\"widget\" data-widget_type=\"heading.default\">\n\t\t\t\t<div class=\"elementor-widget-container\">\n\t\t\t<h3 class=\"elementor-heading-title elementor-size-default\">CLN: eficiencia para tiendas de proximidad<\/h3>\t\t<\/div>\n\t\t\t\t<\/div>\n\t\t\t\t<div class=\"elementor-element elementor-element-6a65685 elementor-widget elementor-widget-spacer\" data-id=\"6a65685\" data-element_type=\"widget\" data-widget_type=\"spacer.default\">\n\t\t\t\t<div class=\"elementor-widget-container\">\n\t\t\t\t\t<div class=\"elementor-spacer\">\n\t\t\t<div class=\"elementor-spacer-inner\"><\/div>\n\t\t<\/div>\n\t\t\t\t<\/div>\n\t\t\t\t<\/div>\n\t\t\t\t\t<\/div>\n\t\t\t\t<\/div>\n\t\t<div class=\"elementor-element elementor-element-8a9dabd e-flex e-con-boxed e-con e-parent\" data-id=\"8a9dabd\" data-element_type=\"container\">\n\t\t\t\t\t<div class=\"e-con-inner\">\n\t\t\t\t<div class=\"elementor-element elementor-element-536e018 elementor-widget elementor-widget-text-editor\" data-id=\"536e018\" data-element_type=\"widget\" data-widget_type=\"text-editor.default\">\n\t\t\t\t<div class=\"elementor-widget-container\">\n\t\t\t\t\t\t\t<p>La gama <a href=\"https:\/\/fricon.pt\/es\/?s=cln\">CLN<\/a> asumi\u00f3 un papel central en la presentaci\u00f3n, siendo una soluci\u00f3n especialmente pensada para tiendas de proximidad y conveniencia. En un contexto donde el espacio, la eficiencia energ\u00e9tica y la facilidad operativa son factores cr\u00edticos, esta gama destaca por su funcionalidad, robustez y capacidad de adaptaci\u00f3n al entorno de la tienda, contribuyendo a una exposici\u00f3n eficaz de productos congelados. <\/p>\n<p>Se trata de una evoluci\u00f3n de una de las gamas m\u00e1s vendidas de FRICON, la CLS, ahora adaptada con una <strong>menor profundidad; una caracter\u00edstica fundamental para responder a las necesidades de tiendas con espacios reducidos<\/strong>, sin comprometer el rendimiento ni la calidad de conservaci\u00f3n.<\/p>\n\t\t\t\t\t\t<\/div>\n\t\t\t\t<\/div>\n\t\t\t\t<div class=\"elementor-element elementor-element-009ee40 elementor-widget elementor-widget-spacer\" data-id=\"009ee40\" data-element_type=\"widget\" data-widget_type=\"spacer.default\">\n\t\t\t\t<div class=\"elementor-widget-container\">\n\t\t\t\t\t<div class=\"elementor-spacer\">\n\t\t\t<div class=\"elementor-spacer-inner\"><\/div>\n\t\t<\/div>\n\t\t\t\t<\/div>\n\t\t\t\t<\/div>\n\t\t\t\t\t<\/div>\n\t\t\t\t<\/div>\n\t\t<div class=\"elementor-element elementor-element-64b6580 e-flex e-con-boxed e-con e-parent\" data-id=\"64b6580\" data-element_type=\"container\">\n\t\t\t\t\t<div class=\"e-con-inner\">\n\t\t\t\t<div class=\"elementor-element elementor-element-a10119e elementor-widget elementor-widget-heading\" data-id=\"a10119e\" data-element_type=\"widget\" data-widget_type=\"heading.default\">\n\t\t\t\t<div class=\"elementor-widget-container\">\n\t\t\t<h3 class=\"elementor-heading-title elementor-size-default\">HC 140 FG SG: soluci\u00f3n estrat\u00e9gica para el segmento de helados<\/h3>\t\t<\/div>\n\t\t\t\t<\/div>\n\t\t\t\t\t<\/div>\n\t\t\t\t<\/div>\n\t\t<div class=\"elementor-element elementor-element-35a5653 e-flex e-con-boxed e-con e-parent\" data-id=\"35a5653\" data-element_type=\"container\">\n\t\t\t\t\t<div class=\"e-con-inner\">\n\t\t\t\t<div class=\"elementor-element elementor-element-0f1b7fc elementor-widget elementor-widget-spacer\" data-id=\"0f1b7fc\" data-element_type=\"widget\" data-widget_type=\"spacer.default\">\n\t\t\t\t<div class=\"elementor-widget-container\">\n\t\t\t\t\t<div class=\"elementor-spacer\">\n\t\t\t<div class=\"elementor-spacer-inner\"><\/div>\n\t\t<\/div>\n\t\t\t\t<\/div>\n\t\t\t\t<\/div>\n\t\t\t\t<div class=\"elementor-element elementor-element-0663b0b elementor-widget elementor-widget-text-editor\" data-id=\"0663b0b\" data-element_type=\"widget\" data-widget_type=\"text-editor.default\">\n\t\t\t\t<div class=\"elementor-widget-container\">\n\t\t\t\t\t\t\t<p>En el segmento de helados, FRICON present\u00f3 el <strong><a href=\"https:\/\/fricon.pt\/de\/product\/hc-140-fg-sg\/\">HC 140 FG SG<\/a><\/strong>, un conservador horizontal que combina rendimiento, sostenibilidad y flexibilidad.<\/p>\n<p>Desarrollado con materiales de larga duraci\u00f3n y equipado con gas refrigerante natural $R290$, este modelo reduce el impacto ambiental y asegura una elevada eficiencia energ\u00e9tica. El aislamiento t\u00e9rmico optimizado contribuye a un consumo m\u00e1s eficiente, alineado con las exigencias actuales del mercado. <\/p>\n<p><strong>La tapa de cristal deslizante mejora el acceso y la visibilidad de los productos, incentivando la compra por impulso e incrementando el potencial de ventas.<\/strong> El sistema plug-in y las ruedas integradas permiten una instalaci\u00f3n sencilla y una f\u00e1cil movilidad, garantizando flexibilidad en la organizaci\u00f3n del espacio de la tienda.<\/p>\n<p>La posibilidad de personalizaci\u00f3n permite adem\u00e1s adaptar el equipo a la identidad visual de cada marca, creando una presencia diferenciadora en el punto de venta y reforzando el v\u00ednculo con el consumidor.<\/p>\n\t\t\t\t\t\t<\/div>\n\t\t\t\t<\/div>\n\t\t\t\t<div class=\"elementor-element elementor-element-1c086ab elementor-widget elementor-widget-spacer\" data-id=\"1c086ab\" data-element_type=\"widget\" data-widget_type=\"spacer.default\">\n\t\t\t\t<div class=\"elementor-widget-container\">\n\t\t\t\t\t<div class=\"elementor-spacer\">\n\t\t\t<div class=\"elementor-spacer-inner\"><\/div>\n\t\t<\/div>\n\t\t\t\t<\/div>\n\t\t\t\t<\/div>\n\t\t\t\t\t<\/div>\n\t\t\t\t<\/div>\n\t\t<div class=\"elementor-element elementor-element-fdd5abf e-flex e-con-boxed e-con e-parent\" data-id=\"fdd5abf\" data-element_type=\"container\">\n\t\t\t\t\t<div class=\"e-con-inner\">\n\t\t\t\t<div class=\"elementor-element elementor-element-4a0d276 elementor-widget elementor-widget-heading\" data-id=\"4a0d276\" data-element_type=\"widget\" data-widget_type=\"heading.default\">\n\t\t\t\t<div class=\"elementor-widget-container\">\n\t\t\t<h2 class=\"elementor-heading-title elementor-size-default\">Una estrategia enfocada en el crecimiento internacional<\/h2>\t\t<\/div>\n\t\t\t\t<\/div>\n\t\t\t\t<div class=\"elementor-element elementor-element-8e512ab elementor-widget elementor-widget-spacer\" data-id=\"8e512ab\" data-element_type=\"widget\" data-widget_type=\"spacer.default\">\n\t\t\t\t<div class=\"elementor-widget-container\">\n\t\t\t\t\t<div class=\"elementor-spacer\">\n\t\t\t<div class=\"elementor-spacer-inner\"><\/div>\n\t\t<\/div>\n\t\t\t\t<\/div>\n\t\t\t\t<\/div>\n\t\t\t\t\t<\/div>\n\t\t\t\t<\/div>\n\t\t<div class=\"elementor-element elementor-element-eaa5003 e-flex e-con-boxed e-con e-parent\" data-id=\"eaa5003\" data-element_type=\"container\">\n\t\t\t\t\t<div class=\"e-con-inner\">\n\t\t\t\t<div class=\"elementor-element elementor-element-6e0af2b elementor-widget elementor-widget-text-editor\" data-id=\"6e0af2b\" data-element_type=\"widget\" data-widget_type=\"text-editor.default\">\n\t\t\t\t<div class=\"elementor-widget-container\">\n\t\t\t\t\t\t\t<p>La participaci\u00f3n en SAGALEXPO forma parte de una estrategia clara de crecimiento internacional. <strong>Actualmente, las exportaciones representan cerca del 90% de la actividad de FRICON, con presencia en m\u00e1s de 130 pa\u00edses.<\/strong><\/p>\n<p>Este posicionamiento refleja una fuerte capacidad industrial, aliada a una apuesta continua por la innovaci\u00f3n, la investigaci\u00f3n y el desarrollo. <strong>Todas las soluciones se desarrollan internamente y se producen en Portugal, garantizando elevados est\u00e1ndares de calidad y una respuesta eficaz a las exigencias de los diferentes mercados.<\/strong><\/p>\n\t\t\t\t\t\t<\/div>\n\t\t\t\t<\/div>\n\t\t\t\t<div class=\"elementor-element elementor-element-f269616 elementor-widget elementor-widget-spacer\" data-id=\"f269616\" data-element_type=\"widget\" data-widget_type=\"spacer.default\">\n\t\t\t\t<div class=\"elementor-widget-container\">\n\t\t\t\t\t<div class=\"elementor-spacer\">\n\t\t\t<div class=\"elementor-spacer-inner\"><\/div>\n\t\t<\/div>\n\t\t\t\t<\/div>\n\t\t\t\t<\/div>\n\t\t\t\t\t<\/div>\n\t\t\t\t<\/div>\n\t\t<div class=\"elementor-element elementor-element-b7697b9 e-flex e-con-boxed e-con e-parent\" data-id=\"b7697b9\" data-element_type=\"container\">\n\t\t\t\t\t<div class=\"e-con-inner\">\n\t\t\t\t<div class=\"elementor-element elementor-element-4540034 elementor-widget elementor-widget-heading\" data-id=\"4540034\" data-element_type=\"widget\" data-widget_type=\"heading.default\">\n\t\t\t\t<div class=\"elementor-widget-container\">\n\t\t\t<h2 class=\"elementor-heading-title elementor-size-default\">Proximidad, innovaci\u00f3n y confianza<\/h2>\t\t<\/div>\n\t\t\t\t<\/div>\n\t\t\t\t\t<\/div>\n\t\t\t\t<\/div>\n\t\t<div class=\"elementor-element elementor-element-ccd00a7 e-flex e-con-boxed e-con e-parent\" data-id=\"ccd00a7\" data-element_type=\"container\">\n\t\t\t\t\t<div class=\"e-con-inner\">\n\t\t\t\t<div class=\"elementor-element elementor-element-efc1c1e elementor-widget elementor-widget-spacer\" data-id=\"efc1c1e\" data-element_type=\"widget\" data-widget_type=\"spacer.default\">\n\t\t\t\t<div class=\"elementor-widget-container\">\n\t\t\t\t\t<div class=\"elementor-spacer\">\n\t\t\t<div class=\"elementor-spacer-inner\"><\/div>\n\t\t<\/div>\n\t\t\t\t<\/div>\n\t\t\t\t<\/div>\n\t\t\t\t<div class=\"elementor-element elementor-element-5f1ab54 elementor-widget elementor-widget-text-editor\" data-id=\"5f1ab54\" data-element_type=\"widget\" data-widget_type=\"text-editor.default\">\n\t\t\t\t<div class=\"elementor-widget-container\">\n\t\t\t\t\t\t\t<p>La presencia en SAGALEXPO 2026 refuerza el posicionamiento de FRICON como una marca s\u00f3lida, innovadora y orientada a las relaciones a largo plazo.<\/p>\n<p>En un sector en constante evoluci\u00f3n, la proximidad con clientes y socios sigue siendo un factor decisivo para la competitividad de FRICON. Es ese v\u00ednculo directo con el mercado lo que permite anticipar tendencias, identificar nuevas oportunidades y transformar desaf\u00edos en soluciones concretas, capaces de generar un verdadero impacto en el retail alimentario. <\/p>\n\t\t\t\t\t\t<\/div>\n\t\t\t\t<\/div>\n\t\t\t\t\t<\/div>\n\t\t\t\t<\/div>\n\t\t\t\t<\/div>\n\t\t","protected":false},"excerpt":{"rendered":"<p>FRICON marc\u00f3 presencia en SAGALEXPO 2026 en Lisboa con soluciones innovadoras de refrigeraci\u00f3n comercial, eficientes y sostenibles para el retail.<\/p>\n","protected":false},"author":4,"featured_media":12868,"comment_status":"open","ping_status":"open","sticky":false,"template":"","format":"standard","meta":{"_acf_changed":false,"footnotes":""},"categories":[171,229],"tags":[],"class_list":["post-12850","post","type-post","status-publish","format-standard","has-post-thumbnail","hentry","category-productos","category-eventos-es"],"acf":[],"_links":{"self":[{"href":"https:\/\/fricon.pt\/es\/wp-json\/wp\/v2\/posts\/12850","targetHints":{"allow":["GET"]}}],"collection":[{"href":"https:\/\/fricon.pt\/es\/wp-json\/wp\/v2\/posts"}],"about":[{"href":"https:\/\/fricon.pt\/es\/wp-json\/wp\/v2\/types\/post"}],"author":[{"embeddable":true,"href":"https:\/\/fricon.pt\/es\/wp-json\/wp\/v2\/users\/4"}],"replies":[{"embeddable":true,"href":"https:\/\/fricon.pt\/es\/wp-json\/wp\/v2\/comments?post=12850"}],"version-history":[{"count":2,"href":"https:\/\/fricon.pt\/es\/wp-json\/wp\/v2\/posts\/12850\/revisions"}],"predecessor-version":[{"id":12857,"href":"https:\/\/fricon.pt\/es\/wp-json\/wp\/v2\/posts\/12850\/revisions\/12857"}],"wp:featuredmedia":[{"embeddable":true,"href":"https:\/\/fricon.pt\/es\/wp-json\/wp\/v2\/media\/12868"}],"wp:attachment":[{"href":"https:\/\/fricon.pt\/es\/wp-json\/wp\/v2\/media?parent=12850"}],"wp:term":[{"taxonomy":"category","embeddable":true,"href":"https:\/\/fricon.pt\/es\/wp-json\/wp\/v2\/categories?post=12850"},{"taxonomy":"post_tag","embeddable":true,"href":"https:\/\/fricon.pt\/es\/wp-json\/wp\/v2\/tags?post=12850"}],"curies":[{"name":"wp","href":"https:\/\/api.w.org\/{rel}","templated":true}]}}